{"id":174,"count":0,"description":"\u0130stinye \u00dcniversitesi M\u00fctevelli Heyeti Ba\u015fkan\u0131","link":"https:\/\/himsseurasia.com\/tr\/konusmaci\/dr-muharrem-usta-tr\/","name":"Dr. Muharrem Usta","slug":"dr-muharrem-usta-tr","taxonomy":"speakers","parent":0,"meta":[],"meta_box":{"image_advanced":[{"width":150,"height":150,"file":"2024\/11\/himss-konusmacilar-40.png","filesize":166598,"sizes":{"thumbnail":{"file":"himss-konusmacilar-40-150x150.png","width":150,"height":150,"mime-type":"image\/png","filesize":41956,"url":"https:\/\/himsseurasia.com\/wp-content\/uploads\/2024\/11\/himss-konusmacilar-40-150x150.png"}},"image_meta":{"aperture":"0","credit":"","camera":"","caption":"","created_timestamp":"0","copyright":"","focal_length":"0","iso":"0","shutter_speed":"0","title":"","orientation":"0","keywords":[]},"ID":"1187","name":"himss-konusmacilar-40.png","path":"\/home\/himsseurasia\/public_html\/wp-content\/uploads\/2024\/11\/himss-konusmacilar-40.png","url":"https:\/\/himsseurasia.com\/wp-content\/uploads\/2024\/11\/himss-konusmacilar-40-150x150.png","full_url":"https:\/\/himsseurasia.com\/wp-content\/uploads\/2024\/11\/himss-konusmacilar-40.png","title":"himss-konusmacilar (40)","caption":"","description":"","alt":"","srcset":"https:\/\/himsseurasia.com\/wp-content\/uploads\/2024\/11\/himss-konusmacilar-40-150x150.png 150w, https:\/\/himsseurasia.com\/wp-content\/uploads\/2024\/11\/himss-konusmacilar-40.png 256w"}],"bio":"<p><strong>Muharrem Usta<\/strong>, 1965 y\u0131l\u0131nda Trabzon\u2019da do\u011fmu\u015ftur. 1983 y\u0131l\u0131nda Trabzon Lisesi\u2019nden, 1989 y\u0131l\u0131nda Dokuz Eyl\u00fcl \u00dcniversitesi T\u0131p Fak\u00fcltesi\u2019nden mezun olmu\u015f ve 1992 y\u0131l\u0131nda Kulak Burun Bo\u011faz Uzman\u0131 olmu\u015ftur. 1993 y\u0131l\u0131nda hastane y\u00f6neticili\u011fi alan\u0131na y\u00f6nelerek, <strong>MLP Care<\/strong>'in (Medical Park ve Liv Hospital) temellerini atan \u00f6nemli ad\u0131mlar\u0131 atm\u0131\u015ft\u0131r.<\/p>\n<p>Muharrem Usta, \u0130stanbul Ticaret Odas\u0131 Sa\u011fl\u0131k Komitesi Ba\u015fkanl\u0131\u011f\u0131, \u0130stanbul B\u00fcy\u00fck\u015fehir Belediyesi Meclis \u00dcyeli\u011fi ve Sa\u011fl\u0131k Komisyonu Ba\u015fkanl\u0131\u011f\u0131 ile \u00d6zel Hastaneler ve Sa\u011fl\u0131k Kurulu\u015flar\u0131 Derne\u011fi (OHSAD) Kurucu Ba\u015fkanl\u0131\u011f\u0131 g\u00f6revlerinde bulunmu\u015ftur.<\/p>\n<p>Halen <strong>MLP Care<\/strong> Y\u00f6netim Kurulu Ba\u015fkan\u0131 ve CEO\u2019su olan Usta, ayn\u0131 zamanda <strong>\u0130stinye \u00dcniversitesi M\u00fctevelli Heyeti Ba\u015fkanl\u0131\u011f\u0131<\/strong> g\u00f6revini de y\u00fcr\u00fctmektedir. 3 \u00e7ocuk babas\u0131d\u0131r.<\/p>\n"},"_links":{"self":[{"href":"https:\/\/himsseurasia.com\/tr\/wp-json\/wp\/v2\/speakers\/174","targetHints":{"allow":["GET"]}}],"collection":[{"href":"https:\/\/himsseurasia.com\/tr\/wp-json\/wp\/v2\/speakers"}],"about":[{"href":"https:\/\/himsseurasia.com\/tr\/wp-json\/wp\/v2\/taxonomies\/speakers"}],"wp:post_type":[{"href":"https:\/\/himsseurasia.com\/tr\/wp-json\/wp\/v2\/events?speakers=174"}],"curies":[{"name":"wp","href":"https:\/\/api.w.org\/{rel}","templated":true}]}}